{"id":7683,"date":"2020-03-16T16:24:08","date_gmt":"2020-03-16T14:24:08","guid":{"rendered":"https:\/\/www.parosrentals.gr\/covid-19-and-car-hire-in-paros\/"},"modified":"2020-06-14T00:38:41","modified_gmt":"2020-06-13T21:38:41","slug":"covid-19-and-car-hire-in-paros","status":"publish","type":"post","link":"https:\/\/www.parosrentals.gr\/fr\/covid-19-and-car-hire-in-paros\/","title":{"rendered":"Chaniotis Paros Rentals SAFETY PLEDGE"},"content":{"rendered":"\n<blockquote class=\"wp-block-quote has-text-align-center is-style-large is-layout-flow wp-block-quote-is-layout-flow\"><p>COVID-19 and hire in Paros<\/p><\/blockquote>\n\n\n\n<hr class=\"wp-block-separator\"\/>\n\n\n\n<p class=\"has-background has-text-align-center has-large-font-size has-luminous-vivid-amber-background-color\"><strong> The relentless commitment from all of us here at Chaniotis to keep every one of our customers and employees safe. <\/strong><\/p>\n\n\n\n<h2 class=\"has-luminous-vivid-amber-color has-text-color wp-block-heading\"><strong>All drivers and staff will wear a full-length mask and disposable gloves.<\/strong><\/h2>\n\n\n\n<p>Picking up your vehicle with minimal contact<\/p>\n\n\n\n<p>We&rsquo;re here to fulfil your vehicle rental needs&nbsp;and want you to know that every one of our employees is working diligently to provide the highest levels of safety at our facilities and in our vehicles.<\/p>\n\n\n\n<ul class=\"wp-block-list\"><li>We use counter-screens to observe social distancing protocols where possible<\/li><li>Hand sanitisers are&nbsp;available<\/li><li>Paperless rental agreements are available at most locations<\/li><\/ul>\n\n\n\n<ul class=\"wp-block-list\"><li>Clear social distancing floor markings at rental desks<\/li><li>Staff are provided with masks and gloves<\/li><li>We are limiting the amount of passengers on each bus<\/li><\/ul>\n\n\n\n<p><\/p>\n\n\n\n<div class=\"wp-block-media-text alignwide\" style=\"grid-template-columns:29% auto\"><figure class=\"wp-block-media-text__media\"><img fetchpriority=\"high\" decoding=\"async\" width=\"750\" height=\"750\" src=\"https:\/\/www.parosrentals.gr\/wp-content\/uploads\/2020\/03\/shutterstock_1656878203.jpg\" alt=\"\" class=\"wp-image-7450\" srcset=\"https:\/\/www.parosrentals.gr\/wp-content\/uploads\/2020\/03\/shutterstock_1656878203.jpg 750w, https:\/\/www.parosrentals.gr\/wp-content\/uploads\/2020\/03\/shutterstock_1656878203-450x450.jpg 450w, https:\/\/www.parosrentals.gr\/wp-content\/uploads\/2020\/03\/shutterstock_1656878203-200x200.jpg 200w, https:\/\/www.parosrentals.gr\/wp-content\/uploads\/2020\/03\/shutterstock_1656878203-100x100.jpg 100w\" sizes=\"(max-width: 706px) 89vw, (max-width: 767px) 82vw, 740px\" \/><\/figure><div class=\"wp-block-media-text__content\">\n<p class=\"has-text-color has-background has-very-light-gray-color has-cyan-bluish-gray-background-color\"><strong>IN THIS CASE<\/strong>&nbsp;AND IF THE CUSTOMER WISHES IT<\/p>\n\n\n\n<ul class=\"wp-block-list\"><li>All transactions can be made by credit card through the&nbsp;<strong>electronic-banking portal<\/strong><\/li><li>The contract can be completed and signed&nbsp;<strong>electronically or by phone<\/strong>.&nbsp;<em><a href=\"https:\/\/www.parosrentals.gr\/fr\/express-check-in\/\">Express Check-in<\/a><\/em>\r\nIn this case, the diploma and the ID will be sent to us by email (sales &amp; parosrentals.gr)<\/li><li>Upon request, the lease&nbsp;<strong>contract as well as the keys&nbsp;<\/strong>will be&nbsp;<strong>READY<\/strong>&nbsp;and signed at a&nbsp;<strong>predetermined point within the vehicle,<\/strong>&nbsp;about which we will have informed you.\r\n<strong>In this case,<\/strong>&nbsp;upon <a class=\"rank-math-link\" href=\"https:\/\/www.parosrentals.gr\/fr\/locations\/\">receive and delivery <\/a>of the vehicle, you&nbsp;<strong>must take at least 6 photos<\/strong>&nbsp;(4 external from all corners of the vehicle as well as 2 internal in kilometers and seats)<\/li><\/ul>\n<\/div><\/div>\n\n\n\n<hr class=\"wp-block-separator\"\/>\n\n\n\n<p class=\"has-text-color has-background has-text-align-center has-large-font-size has-very-dark-gray-color has-luminous-vivid-amber-background-color\"><strong>The vehicle will be fully disinfected with all strict sanitary standards at the pick-up point 6 hours * BEFORE the pick-up time.<\/strong><\/p>\n\n\n\n<figure class=\"wp-block-image size-large\"><img decoding=\"async\" width=\"1024\" height=\"552\" src=\"https:\/\/www.parosrentals.gr\/wp-content\/uploads\/2020\/06\/quide-for-cleaning-1024x552.png\" alt=\"\" class=\"wp-image-7994\" srcset=\"https:\/\/www.parosrentals.gr\/wp-content\/uploads\/2020\/06\/quide-for-cleaning-1024x552.png 1024w, https:\/\/www.parosrentals.gr\/wp-content\/uploads\/2020\/06\/quide-for-cleaning-450x243.png 450w, https:\/\/www.parosrentals.gr\/wp-content\/uploads\/2020\/06\/quide-for-cleaning-768x414.png 768w, https:\/\/www.parosrentals.gr\/wp-content\/uploads\/2020\/06\/quide-for-cleaning-1536x828.png 1536w, https:\/\/www.parosrentals.gr\/wp-content\/uploads\/2020\/06\/quide-for-cleaning-2048x1104.png 2048w\" sizes=\"(max-width: 767px) 89vw, (max-width: 1000px) 54vw, (max-width: 1071px) 543px, 580px\" \/><\/figure>\n\n\n\n<h2 class=\"has-luminous-vivid-amber-color has-text-color wp-block-heading\"><strong>Returning your vehicle safely and preparing it for the next renter<\/strong><\/h2>\n\n\n\n<ul class=\"wp-block-list\"><li>When you leave the vehicle, please check that you have removed all your belongings, personal effects and rubbish<\/li><li>A paper receipt will be available if required<\/li><li>Vehicle cleaned again ready for the next rental<\/li><li>We will send your receipt to the email address on file \/ provided to us when you return the car.&nbsp;Or you can&nbsp;retrieve your invoice here, 36 hours after your rental.<\/li><li>Staff are provided with masks and gloves<\/li><\/ul>\n\n\n\n<div class=\"wp-block-image\"><figure class=\"aligncenter size-large\"><img decoding=\"async\" src=\"https:\/\/www.parosrentals.gr\/wp-content\/uploads\/2020\/03\/CORONOVIRUS-COVID-19.jpg\" alt=\"\" class=\"wp-image-7458\"\/><\/figure><\/div>\n\n\n\n<hr class=\"wp-block-separator has-text-color has-background has-luminous-vivid-amber-background-color has-luminous-vivid-amber-color\"\/>\n\n\n\n<h2 class=\"has-luminous-vivid-amber-color has-text-color wp-block-heading\"><strong>Keeping our vehicles clean and safe<\/strong><\/h2>\n\n\n\n<div class=\"wp-block-media-text alignwide has-media-on-the-right\"><figure class=\"wp-block-media-text__media\"><img decoding=\"async\" width=\"600\" height=\"378\" src=\"https:\/\/www.parosrentals.gr\/wp-content\/uploads\/2020\/03\/kit-proteco-veicular-tnt-volante-cmbio-freio-de-mo-capa-D_NQ_NP_659186-MLB31142270311_062019-F.jpg\" alt=\"\" class=\"wp-image-7454\" srcset=\"https:\/\/www.parosrentals.gr\/wp-content\/uploads\/2020\/03\/kit-proteco-veicular-tnt-volante-cmbio-freio-de-mo-capa-D_NQ_NP_659186-MLB31142270311_062019-F.jpg 600w, https:\/\/www.parosrentals.gr\/wp-content\/uploads\/2020\/03\/kit-proteco-veicular-tnt-volante-cmbio-freio-de-mo-capa-D_NQ_NP_659186-MLB31142270311_062019-F-450x284.jpg 450w\" sizes=\"(max-width: 600px) 100vw, 600px\" \/><\/figure><div class=\"wp-block-media-text__content\">\n<p>Beyond the <strong>Biological cleaning<\/strong>, we do in our vehicles, outside and especially inside the car with all <strong>KARCHER certified cleaners SUV lamps and machinery.<\/strong><\/p>\n\n\n\n<ul class=\"wp-block-list\"><li>Every vehicle is carefully cleaned before every rental<\/li><li>Special attention is paid to:&nbsp;steering wheels, indicators, dashboards, hand grips, in-car entertainment controls, cup holders, centre consoles, and all door handles&nbsp;both inside and out<\/li><\/ul>\n\n\n\n<ul class=\"wp-block-list\"><li>We are using specific approved disinfectant<\/li><\/ul>\n\n\n\n<p>They will also be fitted to all of our <strong>vehicles, a disposable protective\u2026<\/strong><\/p>\n\n\n\n<ul class=\"wp-block-list\"><li><strong>Steering wheel.<\/strong><\/li><li><strong>Gear shift.<\/strong><\/li><li><strong>Handbrake lever.<\/strong><\/li><li><strong>Driver&rsquo;s seat.<\/strong><\/li><li><strong>Place Driver&rsquo;s Guide.<\/strong><\/li><li><strong>Antiseptic wipes.<\/strong><\/li><\/ul>\n<\/div><\/div>\n\n\n\n<h2 class=\"has-luminous-vivid-amber-color has-text-color wp-block-heading\"><strong>Keeping our employees safe<\/strong><\/h2>\n\n\n\n<ul class=\"wp-block-list\"><li>Staff are provided with masks and gloves<\/li><li>Employees are required to wash their hands frequently and have been trained on Health &amp; Safety standards and on regulation&nbsp;guidelines, including products and processes available to ensure your safety<\/li><\/ul>\n\n\n\n<ul class=\"wp-block-list\"><li>Employees are required to stay at home if they don\u2019t feel well<\/li><\/ul>\n\n\n\n<p>If you must travel during this time, or if you are planning future travel, we are here for you and want you to know that every one of our employees is working diligently to provide the highest levels of safety at our facilities and in our vehicles.<\/p>\n","protected":false},"excerpt":{"rendered":"<p>COVID-19 and car hire in Paros<\/p>\n","protected":false},"author":4,"featured_media":7459,"comment_status":"closed","ping_status":"closed","sticky":false,"template":"","format":"standard","meta":{"_acf_changed":false,"footnotes":""},"categories":[96,313],"tags":[],"class_list":["post-7683","post","type-post","status-publish","format-standard","has-post-thumbnail","hentry","category-non-classifiee","category-tips-for-hiring-fr"],"acf":[],"yoast_head":"<!-- This site is optimized with the Yoast SEO Premium plugin v26.7 (Yoast SEO v26.7) - https:\/\/yoast.com\/wordpress\/plugins\/seo\/ -->\n<title>Chaniotis Paros Rentals SAFETY PLEDGE - Paros Rentals<\/title>\n<meta name=\"robots\" content=\"index, follow, max-snippet:-1, max-image-preview:large, max-video-preview:-1\" \/>\n<link rel=\"canonical\" href=\"https:\/\/www.parosrentals.gr\/fr\/covid-19-and-car-hire-in-paros\/\" \/>\n<meta property=\"og:locale\" content=\"fr_FR\" \/>\n<meta property=\"og:type\" content=\"article\" \/>\n<meta property=\"og:title\" content=\"Chaniotis Paros Rentals SAFETY PLEDGE\" \/>\n<meta property=\"og:description\" content=\"COVID-19 and car hire in Paros\" \/>\n<meta property=\"og:url\" content=\"https:\/\/www.parosrentals.gr\/fr\/covid-19-and-car-hire-in-paros\/\" \/>\n<meta property=\"og:site_name\" content=\"Paros Rentals\" \/>\n<meta property=\"article:publisher\" content=\"https:\/\/www.facebook.com\/ChaniotisRentals\/\" \/>\n<meta property=\"article:published_time\" content=\"2020-03-16T14:24:08+00:00\" \/>\n<meta property=\"article:modified_time\" content=\"2020-06-13T21:38:41+00:00\" \/>\n<meta property=\"og:image\" content=\"https:\/\/www.parosrentals.gr\/wp-content\/uploads\/2020\/03\/CORONOVIRUS-COVID-19.jpg\" \/>\n\t<meta property=\"og:image:width\" content=\"735\" \/>\n\t<meta property=\"og:image:height\" content=\"636\" \/>\n\t<meta property=\"og:image:type\" content=\"image\/jpeg\" \/>\n<meta name=\"author\" content=\"Paul Chaniotis\" \/>\n<meta name=\"twitter:card\" content=\"summary_large_image\" \/>\n<meta name=\"twitter:label1\" content=\"\u00c9crit par\" \/>\n\t<meta name=\"twitter:data1\" content=\"Paul Chaniotis\" \/>\n\t<meta name=\"twitter:label2\" content=\"Dur\u00e9e de lecture estim\u00e9e\" \/>\n\t<meta name=\"twitter:data2\" content=\"3 minutes\" \/>\n<script type=\"application\/ld+json\" class=\"yoast-schema-graph\">{\"@context\":\"https:\/\/schema.org\",\"@graph\":[{\"@type\":\"Article\",\"@id\":\"https:\/\/www.parosrentals.gr\/fr\/covid-19-and-car-hire-in-paros\/#article\",\"isPartOf\":{\"@id\":\"https:\/\/www.parosrentals.gr\/fr\/covid-19-and-car-hire-in-paros\/\"},\"author\":{\"name\":\"Paul Chaniotis\",\"@id\":\"https:\/\/www.parosrentals.gr\/it\/#\/schema\/person\/09e16b00dd6b2f9de1fda4fde3589ee4\"},\"headline\":\"Chaniotis Paros Rentals SAFETY PLEDGE\",\"datePublished\":\"2020-03-16T14:24:08+00:00\",\"dateModified\":\"2020-06-13T21:38:41+00:00\",\"mainEntityOfPage\":{\"@id\":\"https:\/\/www.parosrentals.gr\/fr\/covid-19-and-car-hire-in-paros\/\"},\"wordCount\":564,\"publisher\":{\"@id\":\"https:\/\/www.parosrentals.gr\/it\/#organization\"},\"image\":{\"@id\":\"https:\/\/www.parosrentals.gr\/fr\/covid-19-and-car-hire-in-paros\/#primaryimage\"},\"thumbnailUrl\":\"https:\/\/www.parosrentals.gr\/wp-content\/uploads\/2020\/03\/CORONOVIRUS-COVID-19.jpg\",\"articleSection\":[\"Non classifi\u00e9(e)\",\"Tips for Hiring\"],\"inLanguage\":\"fr-FR\"},{\"@type\":\"WebPage\",\"@id\":\"https:\/\/www.parosrentals.gr\/fr\/covid-19-and-car-hire-in-paros\/\",\"url\":\"https:\/\/www.parosrentals.gr\/fr\/covid-19-and-car-hire-in-paros\/\",\"name\":\"Chaniotis Paros Rentals SAFETY PLEDGE - Paros Rentals\",\"isPartOf\":{\"@id\":\"https:\/\/www.parosrentals.gr\/it\/#website\"},\"primaryImageOfPage\":{\"@id\":\"https:\/\/www.parosrentals.gr\/fr\/covid-19-and-car-hire-in-paros\/#primaryimage\"},\"image\":{\"@id\":\"https:\/\/www.parosrentals.gr\/fr\/covid-19-and-car-hire-in-paros\/#primaryimage\"},\"thumbnailUrl\":\"https:\/\/www.parosrentals.gr\/wp-content\/uploads\/2020\/03\/CORONOVIRUS-COVID-19.jpg\",\"datePublished\":\"2020-03-16T14:24:08+00:00\",\"dateModified\":\"2020-06-13T21:38:41+00:00\",\"breadcrumb\":{\"@id\":\"https:\/\/www.parosrentals.gr\/fr\/covid-19-and-car-hire-in-paros\/#breadcrumb\"},\"inLanguage\":\"fr-FR\",\"potentialAction\":[{\"@type\":\"ReadAction\",\"target\":[\"https:\/\/www.parosrentals.gr\/fr\/covid-19-and-car-hire-in-paros\/\"]}]},{\"@type\":\"ImageObject\",\"inLanguage\":\"fr-FR\",\"@id\":\"https:\/\/www.parosrentals.gr\/fr\/covid-19-and-car-hire-in-paros\/#primaryimage\",\"url\":\"https:\/\/www.parosrentals.gr\/wp-content\/uploads\/2020\/03\/CORONOVIRUS-COVID-19.jpg\",\"contentUrl\":\"https:\/\/www.parosrentals.gr\/wp-content\/uploads\/2020\/03\/CORONOVIRUS-COVID-19.jpg\",\"width\":735,\"height\":636,\"caption\":\"COVID-19\"},{\"@type\":\"BreadcrumbList\",\"@id\":\"https:\/\/www.parosrentals.gr\/fr\/covid-19-and-car-hire-in-paros\/#breadcrumb\",\"itemListElement\":[{\"@type\":\"ListItem\",\"position\":1,\"name\":\"Home\",\"item\":\"https:\/\/www.parosrentals.gr\/fr\/\"},{\"@type\":\"ListItem\",\"position\":2,\"name\":\"Chaniotis Paros Rentals SAFETY PLEDGE\"}]},{\"@type\":\"WebSite\",\"@id\":\"https:\/\/www.parosrentals.gr\/it\/#website\",\"url\":\"https:\/\/www.parosrentals.gr\/it\/\",\"name\":\"Paros Car & Moto Rentals\",\"description\":\"CAR - MOTO - ATV - TRANSFERS\",\"publisher\":{\"@id\":\"https:\/\/www.parosrentals.gr\/it\/#organization\"},\"potentialAction\":[{\"@type\":\"SearchAction\",\"target\":{\"@type\":\"EntryPoint\",\"urlTemplate\":\"https:\/\/www.parosrentals.gr\/it\/?s={search_term_string}\"},\"query-input\":{\"@type\":\"PropertyValueSpecification\",\"valueRequired\":true,\"valueName\":\"search_term_string\"}}],\"inLanguage\":\"fr-FR\"},{\"@type\":\"Organization\",\"@id\":\"https:\/\/www.parosrentals.gr\/it\/#organization\",\"name\":\"Chaniotis car rentals\",\"url\":\"https:\/\/www.parosrentals.gr\/it\/\",\"logo\":{\"@type\":\"ImageObject\",\"inLanguage\":\"fr-FR\",\"@id\":\"https:\/\/www.parosrentals.gr\/it\/#\/schema\/logo\/image\/\",\"url\":\"https:\/\/www.parosrentals.gr\/wp-content\/uploads\/2019\/12\/paros-car-moto-rental-chaniotis.6-1-scaled-e1580045650720.jpg\",\"contentUrl\":\"https:\/\/www.parosrentals.gr\/wp-content\/uploads\/2019\/12\/paros-car-moto-rental-chaniotis.6-1-scaled-e1580045650720.jpg\",\"width\":1920,\"height\":1056,\"caption\":\"Chaniotis car rentals\"},\"image\":{\"@id\":\"https:\/\/www.parosrentals.gr\/it\/#\/schema\/logo\/image\/\"},\"sameAs\":[\"https:\/\/www.facebook.com\/ChaniotisRentals\/\"]},{\"@type\":\"Person\",\"@id\":\"https:\/\/www.parosrentals.gr\/it\/#\/schema\/person\/09e16b00dd6b2f9de1fda4fde3589ee4\",\"name\":\"Paul Chaniotis\",\"image\":{\"@type\":\"ImageObject\",\"inLanguage\":\"fr-FR\",\"@id\":\"https:\/\/www.parosrentals.gr\/it\/#\/schema\/person\/image\/\",\"url\":\"https:\/\/secure.gravatar.com\/avatar\/9fd6376a98e80227d35066ca0a7e7fb7?s=96&d=mm&r=g\",\"contentUrl\":\"https:\/\/secure.gravatar.com\/avatar\/9fd6376a98e80227d35066ca0a7e7fb7?s=96&d=mm&r=g\",\"caption\":\"Paul Chaniotis\"},\"description\":\"Paul Chaniotis, a native Paros islander and expert travel writer, boasts 30 years of experience in Paros tourism and rentals. Unveiling the island's hidden gems, Paul offers invaluable insight into unique accommodations and local experiences. Leverage his expertise for your Paros adventure!\",\"sameAs\":[\"https:\/\/www.linkedin.com\/feed\/\"],\"honorificPrefix\":\"Mr\",\"birthDate\":\"1985-08-17\",\"gender\":\"male\",\"award\":[\"From 1992 onwards\",\"exploring the winding streets of Paros and immersing in the azure waters of the Cyclades\"],\"knowsAbout\":[\"Paros\",\"guides\",\"tips\",\"rentals\"],\"knowsLanguage\":[\"English\",\"Greek\",\"Italy\"],\"jobTitle\":\"Founder Chaniotis Paros Rentals\",\"url\":\"https:\/\/www.parosrentals.gr\/fr\/author\/chaniotis\/\"}]}<\/script>\n<!-- \/ Yoast SEO Premium plugin. -->","yoast_head_json":{"title":"Chaniotis Paros Rentals SAFETY PLEDGE - Paros Rentals","robots":{"index":"index","follow":"follow","max-snippet":"max-snippet:-1","max-image-preview":"max-image-preview:large","max-video-preview":"max-video-preview:-1"},"canonical":"https:\/\/www.parosrentals.gr\/fr\/covid-19-and-car-hire-in-paros\/","og_locale":"fr_FR","og_type":"article","og_title":"Chaniotis Paros Rentals SAFETY PLEDGE","og_description":"COVID-19 and car hire in Paros","og_url":"https:\/\/www.parosrentals.gr\/fr\/covid-19-and-car-hire-in-paros\/","og_site_name":"Paros Rentals","article_publisher":"https:\/\/www.facebook.com\/ChaniotisRentals\/","article_published_time":"2020-03-16T14:24:08+00:00","article_modified_time":"2020-06-13T21:38:41+00:00","og_image":[{"width":735,"height":636,"url":"https:\/\/www.parosrentals.gr\/wp-content\/uploads\/2020\/03\/CORONOVIRUS-COVID-19.jpg","type":"image\/jpeg"}],"author":"Paul Chaniotis","twitter_card":"summary_large_image","twitter_misc":{"\u00c9crit par":"Paul Chaniotis","Dur\u00e9e de lecture estim\u00e9e":"3 minutes"},"schema":{"@context":"https:\/\/schema.org","@graph":[{"@type":"Article","@id":"https:\/\/www.parosrentals.gr\/fr\/covid-19-and-car-hire-in-paros\/#article","isPartOf":{"@id":"https:\/\/www.parosrentals.gr\/fr\/covid-19-and-car-hire-in-paros\/"},"author":{"name":"Paul Chaniotis","@id":"https:\/\/www.parosrentals.gr\/it\/#\/schema\/person\/09e16b00dd6b2f9de1fda4fde3589ee4"},"headline":"Chaniotis Paros Rentals SAFETY PLEDGE","datePublished":"2020-03-16T14:24:08+00:00","dateModified":"2020-06-13T21:38:41+00:00","mainEntityOfPage":{"@id":"https:\/\/www.parosrentals.gr\/fr\/covid-19-and-car-hire-in-paros\/"},"wordCount":564,"publisher":{"@id":"https:\/\/www.parosrentals.gr\/it\/#organization"},"image":{"@id":"https:\/\/www.parosrentals.gr\/fr\/covid-19-and-car-hire-in-paros\/#primaryimage"},"thumbnailUrl":"https:\/\/www.parosrentals.gr\/wp-content\/uploads\/2020\/03\/CORONOVIRUS-COVID-19.jpg","articleSection":["Non classifi\u00e9(e)","Tips for Hiring"],"inLanguage":"fr-FR"},{"@type":"WebPage","@id":"https:\/\/www.parosrentals.gr\/fr\/covid-19-and-car-hire-in-paros\/","url":"https:\/\/www.parosrentals.gr\/fr\/covid-19-and-car-hire-in-paros\/","name":"Chaniotis Paros Rentals SAFETY PLEDGE - Paros Rentals","isPartOf":{"@id":"https:\/\/www.parosrentals.gr\/it\/#website"},"primaryImageOfPage":{"@id":"https:\/\/www.parosrentals.gr\/fr\/covid-19-and-car-hire-in-paros\/#primaryimage"},"image":{"@id":"https:\/\/www.parosrentals.gr\/fr\/covid-19-and-car-hire-in-paros\/#primaryimage"},"thumbnailUrl":"https:\/\/www.parosrentals.gr\/wp-content\/uploads\/2020\/03\/CORONOVIRUS-COVID-19.jpg","datePublished":"2020-03-16T14:24:08+00:00","dateModified":"2020-06-13T21:38:41+00:00","breadcrumb":{"@id":"https:\/\/www.parosrentals.gr\/fr\/covid-19-and-car-hire-in-paros\/#breadcrumb"},"inLanguage":"fr-FR","potentialAction":[{"@type":"ReadAction","target":["https:\/\/www.parosrentals.gr\/fr\/covid-19-and-car-hire-in-paros\/"]}]},{"@type":"ImageObject","inLanguage":"fr-FR","@id":"https:\/\/www.parosrentals.gr\/fr\/covid-19-and-car-hire-in-paros\/#primaryimage","url":"https:\/\/www.parosrentals.gr\/wp-content\/uploads\/2020\/03\/CORONOVIRUS-COVID-19.jpg","contentUrl":"https:\/\/www.parosrentals.gr\/wp-content\/uploads\/2020\/03\/CORONOVIRUS-COVID-19.jpg","width":735,"height":636,"caption":"COVID-19"},{"@type":"BreadcrumbList","@id":"https:\/\/www.parosrentals.gr\/fr\/covid-19-and-car-hire-in-paros\/#breadcrumb","itemListElement":[{"@type":"ListItem","position":1,"name":"Home","item":"https:\/\/www.parosrentals.gr\/fr\/"},{"@type":"ListItem","position":2,"name":"Chaniotis Paros Rentals SAFETY PLEDGE"}]},{"@type":"WebSite","@id":"https:\/\/www.parosrentals.gr\/it\/#website","url":"https:\/\/www.parosrentals.gr\/it\/","name":"Paros Car & Moto Rentals","description":"CAR - MOTO - ATV - TRANSFERS","publisher":{"@id":"https:\/\/www.parosrentals.gr\/it\/#organization"},"potentialAction":[{"@type":"SearchAction","target":{"@type":"EntryPoint","urlTemplate":"https:\/\/www.parosrentals.gr\/it\/?s={search_term_string}"},"query-input":{"@type":"PropertyValueSpecification","valueRequired":true,"valueName":"search_term_string"}}],"inLanguage":"fr-FR"},{"@type":"Organization","@id":"https:\/\/www.parosrentals.gr\/it\/#organization","name":"Chaniotis car rentals","url":"https:\/\/www.parosrentals.gr\/it\/","logo":{"@type":"ImageObject","inLanguage":"fr-FR","@id":"https:\/\/www.parosrentals.gr\/it\/#\/schema\/logo\/image\/","url":"https:\/\/www.parosrentals.gr\/wp-content\/uploads\/2019\/12\/paros-car-moto-rental-chaniotis.6-1-scaled-e1580045650720.jpg","contentUrl":"https:\/\/www.parosrentals.gr\/wp-content\/uploads\/2019\/12\/paros-car-moto-rental-chaniotis.6-1-scaled-e1580045650720.jpg","width":1920,"height":1056,"caption":"Chaniotis car rentals"},"image":{"@id":"https:\/\/www.parosrentals.gr\/it\/#\/schema\/logo\/image\/"},"sameAs":["https:\/\/www.facebook.com\/ChaniotisRentals\/"]},{"@type":"Person","@id":"https:\/\/www.parosrentals.gr\/it\/#\/schema\/person\/09e16b00dd6b2f9de1fda4fde3589ee4","name":"Paul Chaniotis","image":{"@type":"ImageObject","inLanguage":"fr-FR","@id":"https:\/\/www.parosrentals.gr\/it\/#\/schema\/person\/image\/","url":"https:\/\/secure.gravatar.com\/avatar\/9fd6376a98e80227d35066ca0a7e7fb7?s=96&d=mm&r=g","contentUrl":"https:\/\/secure.gravatar.com\/avatar\/9fd6376a98e80227d35066ca0a7e7fb7?s=96&d=mm&r=g","caption":"Paul Chaniotis"},"description":"Paul Chaniotis, a native Paros islander and expert travel writer, boasts 30 years of experience in Paros tourism and rentals. Unveiling the island's hidden gems, Paul offers invaluable insight into unique accommodations and local experiences. Leverage his expertise for your Paros adventure!","sameAs":["https:\/\/www.linkedin.com\/feed\/"],"honorificPrefix":"Mr","birthDate":"1985-08-17","gender":"male","award":["From 1992 onwards","exploring the winding streets of Paros and immersing in the azure waters of the Cyclades"],"knowsAbout":["Paros","guides","tips","rentals"],"knowsLanguage":["English","Greek","Italy"],"jobTitle":"Founder Chaniotis Paros Rentals","url":"https:\/\/www.parosrentals.gr\/fr\/author\/chaniotis\/"}]}},"_links":{"self":[{"href":"https:\/\/www.parosrentals.gr\/fr\/wp-json\/wp\/v2\/posts\/7683","targetHints":{"allow":["GET"]}}],"collection":[{"href":"https:\/\/www.parosrentals.gr\/fr\/wp-json\/wp\/v2\/posts"}],"about":[{"href":"https:\/\/www.parosrentals.gr\/fr\/wp-json\/wp\/v2\/types\/post"}],"author":[{"embeddable":true,"href":"https:\/\/www.parosrentals.gr\/fr\/wp-json\/wp\/v2\/users\/4"}],"replies":[{"embeddable":true,"href":"https:\/\/www.parosrentals.gr\/fr\/wp-json\/wp\/v2\/comments?post=7683"}],"version-history":[{"count":0,"href":"https:\/\/www.parosrentals.gr\/fr\/wp-json\/wp\/v2\/posts\/7683\/revisions"}],"wp:featuredmedia":[{"embeddable":true,"href":"https:\/\/www.parosrentals.gr\/fr\/wp-json\/wp\/v2\/media\/7459"}],"wp:attachment":[{"href":"https:\/\/www.parosrentals.gr\/fr\/wp-json\/wp\/v2\/media?parent=7683"}],"wp:term":[{"taxonomy":"category","embeddable":true,"href":"https:\/\/www.parosrentals.gr\/fr\/wp-json\/wp\/v2\/categories?post=7683"},{"taxonomy":"post_tag","embeddable":true,"href":"https:\/\/www.parosrentals.gr\/fr\/wp-json\/wp\/v2\/tags?post=7683"}],"curies":[{"name":"wp","href":"https:\/\/api.w.org\/{rel}","templated":true}]}}